{"id":1208,"date":"2025-06-19T09:39:23","date_gmt":"2025-06-19T09:39:23","guid":{"rendered":"https:\/\/manlio.fr\/?p=1208"},"modified":"2025-06-19T09:40:05","modified_gmt":"2025-06-19T09:40:05","slug":"famille-hauller-la-cave-du-tonnelier","status":"publish","type":"post","link":"https:\/\/manlio.fr\/en\/famille-hauller-la-cave-du-tonnelier","title":{"rendered":"Famille Hauller &#8211; La Cave du Tonnelier"},"content":{"rendered":"<div data-elementor-type=\"wp-post\" data-elementor-id=\"1208\" class=\"elementor elementor-1208\" data-elementor-post-type=\"post\">\n\t\t\t\t<div class=\"elementor-element elementor-element-28fa8cf e-flex e-con-boxed e-con e-parent\" data-id=\"28fa8cf\" data-element_type=\"container\" data-e-type=\"container\">\n\t\t\t\t\t<div class=\"e-con-inner\">\n\t\t\t\t<div class=\"elementor-element elementor-element-dad11db elementor-widget elementor-widget-heading\" data-id=\"dad11db\" data-element_type=\"widget\" data-e-type=\"widget\" data-widget_type=\"heading.default\">\n\t\t\t\t<div class=\"elementor-widget-container\">\n\t\t\t\t\t<h2 class=\"elementor-heading-title elementor-size-default\">Famille Hauller &#8211; La Cave du Tonnelier<\/h2>\t\t\t\t<\/div>\n\t\t\t\t<\/div>\n\t\t\t\t<div class=\"elementor-element elementor-element-b9fb1e9 elementor-widget elementor-widget-text-editor\" data-id=\"b9fb1e9\" data-element_type=\"widget\" data-e-type=\"widget\" data-widget_type=\"text-editor.default\">\n\t\t\t\t<div class=\"elementor-widget-container\">\n\t\t\t\t\t\t\t\t\t<h3 class=\"\" data-start=\"320\" data-end=\"347\">Un moment charni\u00e8re<\/h3><p class=\"\" data-start=\"348\" data-end=\"637\">Apr\u00e8s pr\u00e8s de deux ans d\u2019activit\u00e9, M\u00e9lany \u2014 fondatrice de Kl\u00e9o Ph\u00e9 \u2014 avait franchi un cap. Son entreprise grandissait, son approche s\u2019affinait, son positionnement s\u2019\u00e9levait. Elle ne voulait plus simplement \u201cexister en ligne\u201d : elle voulait affirmer une vision, une identit\u00e9, une direction.<\/p><p class=\"\" data-start=\"639\" data-end=\"933\">Son site pr\u00e9c\u00e9dent, standardis\u00e9 et limit\u00e9, ne permettait plus de soutenir ce mouvement. Ni dans la forme, ni dans le fond. Il lui fallait un espace digital capable d\u2019incarner son \u00e9volution : plus structur\u00e9, plus ambitieux, plus professionnel \u2014 sans jamais perdre la sensibilit\u00e9 de son approche.<\/p><h3 class=\"\" data-start=\"940\" data-end=\"969\">Clarifier pour \u00e9lever<\/h3><p class=\"\" data-start=\"970\" data-end=\"1300\">Derri\u00e8re Kl\u00e9o Ph\u00e9, il y a une posture rare : celle d\u2019une femme intuitive, exigeante, guid\u00e9e par une volont\u00e9 de transformation en profondeur. M\u00e9lany savait ce qu\u2019elle ne voulait plus \u2014 mais elle avait encore besoin de cadrer, d\u2019ordonner, de canaliser l\u2019ensemble de ses id\u00e9es et de ses intentions. C\u2019est l\u00e0 que Manlio est intervenu.<\/p><p class=\"\" data-start=\"1302\" data-end=\"1623\">Nous avons pos\u00e9 un cadre clair, pens\u00e9 pour soutenir sa croissance : une plateforme visuelle \u00e9l\u00e9gante, une architecture de contenu intuitive, un travail d\u2019identit\u00e9 qui relie le sensible et le strat\u00e9gique. Chaque choix a \u00e9t\u00e9 fait pour renforcer la coh\u00e9rence entre ce qu\u2019elle pense, ce qu\u2019elle propose, et ce qu\u2019elle montre.<\/p><h3 class=\"\" data-start=\"1630\" data-end=\"1671\">Aligner la vision et l\u2019exp\u00e9rience<\/h3><p class=\"\" data-start=\"1672\" data-end=\"1932\">Le r\u00e9sultat ? Une identit\u00e9 visuelle sobre, raffin\u00e9e et subtilement vibrante. Un site structur\u00e9, clair, modulable. Un espace digital qui ne fige rien, mais qui soutient l\u2019\u00e9lan. Qui accueille les diff\u00e9rentes facettes de l\u2019accompagnement Kl\u00e9o Ph\u00e9 sans les diluer.<\/p><p class=\"\" data-start=\"1934\" data-end=\"2223\">Ce projet a permis \u00e0 M\u00e9lany d\u2019ancrer une nouvelle \u00e9tape dans la trajectoire de son entreprise : plus qu\u2019un simple \u201crelooking\u201d, c\u2019est une affirmation strat\u00e9gique. Son entreprise n\u2019est plus artisanale. Elle est devenue une entit\u00e9 claire, port\u00e9e par une vision forte : lib\u00e9rer les potentiels.<\/p>\t\t\t\t\t\t\t\t<\/div>\n\t\t\t\t<\/div>\n\t\t<div class=\"elementor-element elementor-element-4a1d0a5 e-con-full e-flex e-con e-child\" data-id=\"4a1d0a5\" data-element_type=\"container\" data-e-type=\"container\">\n\t\t\t\t<div class=\"elementor-element elementor-element-517e4b4 elementor-widget elementor-widget-text-editor\" data-id=\"517e4b4\" data-element_type=\"widget\" data-e-type=\"widget\" data-widget_type=\"text-editor.default\">\n\t\t\t\t<div class=\"elementor-widget-container\">\n\t\t\t\t\t\t\t\t\t<p>Strat\u00e9gie digitale<\/p>\t\t\t\t\t\t\t\t<\/div>\n\t\t\t\t<\/div>\n\t\t\t\t<div class=\"elementor-element elementor-element-f5c5f7d elementor-widget elementor-widget-text-editor\" data-id=\"f5c5f7d\" data-element_type=\"widget\" data-e-type=\"widget\" data-widget_type=\"text-editor.default\">\n\t\t\t\t<div class=\"elementor-widget-container\">\n\t\t\t\t\t\t\t\t\t<p>Graphisme<\/p>\t\t\t\t\t\t\t\t<\/div>\n\t\t\t\t<\/div>\n\t\t\t\t<\/div>\n\t\t\t\t<div class=\"elementor-element elementor-element-3d27b33 elementor-widget elementor-widget-image\" data-id=\"3d27b33\" data-element_type=\"widget\" data-e-type=\"widget\" data-widget_type=\"image.default\">\n\t\t\t\t<div class=\"elementor-widget-container\">\n\t\t\t\t\t\t\t\t\t\t\t\t\t\t\t<img decoding=\"async\" src=\"https:\/\/manlio.fr\/wp-content\/plugins\/elementor\/assets\/images\/placeholder.png\" title=\"\" alt=\"\" loading=\"lazy\" \/>\t\t\t\t\t\t\t\t\t\t\t\t\t\t\t<\/div>\n\t\t\t\t<\/div>\n\t\t\t\t<div class=\"elementor-element elementor-element-e45e145 elementor-widget elementor-widget-image\" data-id=\"e45e145\" data-element_type=\"widget\" data-e-type=\"widget\" data-widget_type=\"image.default\">\n\t\t\t\t<div class=\"elementor-widget-container\">\n\t\t\t\t\t\t\t\t\t\t\t\t\t\t\t<img decoding=\"async\" src=\"https:\/\/manlio.fr\/wp-content\/plugins\/elementor\/assets\/images\/placeholder.png\" title=\"\" alt=\"\" loading=\"lazy\" \/>\t\t\t\t\t\t\t\t\t\t\t\t\t\t\t<\/div>\n\t\t\t\t<\/div>\n\t\t\t\t<div class=\"elementor-element elementor-element-1c28db8 elementor-widget elementor-widget-image\" data-id=\"1c28db8\" data-element_type=\"widget\" data-e-type=\"widget\" data-widget_type=\"image.default\">\n\t\t\t\t<div class=\"elementor-widget-container\">\n\t\t\t\t\t\t\t\t\t\t\t\t\t\t\t<img decoding=\"async\" src=\"https:\/\/manlio.fr\/wp-content\/plugins\/elementor\/assets\/images\/placeholder.png\" title=\"\" alt=\"\" loading=\"lazy\" \/>\t\t\t\t\t\t\t\t\t\t\t\t\t\t\t<\/div>\n\t\t\t\t<\/div>\n\t\t\t\t\t<\/div>\n\t\t\t\t<\/div>\n\t\t\t\t<\/div>","protected":false},"excerpt":{"rendered":"<p>Un moment charni\u00e8re Apr\u00e8s pr\u00e8s de deux ans d\u2019activit\u00e9, M\u00e9lany \u2014 fondatrice de Kl\u00e9o Ph\u00e9 \u2014 avait franchi un cap. Son entreprise grandissait, son approche s\u2019affinait, son positionnement s\u2019\u00e9levait. Elle ne voulait plus simplement \u201cexister en ligne\u201d : elle voulait affirmer une vision, une identit\u00e9, une direction. Son site pr\u00e9c\u00e9dent, standardis\u00e9 et limit\u00e9, ne permettait [&hellip;]<\/p>\n","protected":false},"author":1,"featured_media":853,"comment_status":"closed","ping_status":"open","sticky":false,"template":"","format":"standard","meta":{"footnotes":""},"categories":[10],"tags":[],"class_list":["post-1208","post","type-post","status-publish","format-standard","has-post-thumbnail","hentry","category-projets"],"yoast_head":"<!-- This site is optimized with the Yoast SEO plugin v27.5 - https:\/\/yoast.com\/product\/yoast-seo-wordpress\/ -->\n<title>Famille Hauller - La Cave du Tonnelier - Manlio<\/title>\n<meta name=\"robots\" content=\"index, follow, max-snippet:-1, max-image-preview:large, max-video-preview:-1\" \/>\n<link rel=\"canonical\" href=\"https:\/\/manlio.fr\/en\/famille-hauller-la-cave-du-tonnelier\/\" \/>\n<meta property=\"og:locale\" content=\"en_US\" \/>\n<meta property=\"og:type\" content=\"article\" \/>\n<meta property=\"og:title\" content=\"Famille Hauller - La Cave du Tonnelier - Manlio\" \/>\n<meta property=\"og:description\" content=\"Un moment charni\u00e8re Apr\u00e8s pr\u00e8s de deux ans d\u2019activit\u00e9, M\u00e9lany \u2014 fondatrice de Kl\u00e9o Ph\u00e9 \u2014 avait franchi un cap. Son entreprise grandissait, son approche s\u2019affinait, son positionnement s\u2019\u00e9levait. Elle ne voulait plus simplement \u201cexister en ligne\u201d : elle voulait affirmer une vision, une identit\u00e9, une direction. Son site pr\u00e9c\u00e9dent, standardis\u00e9 et limit\u00e9, ne permettait [&hellip;]\" \/>\n<meta property=\"og:url\" content=\"https:\/\/manlio.fr\/en\/famille-hauller-la-cave-du-tonnelier\/\" \/>\n<meta property=\"og:site_name\" content=\"Manlio\" \/>\n<meta property=\"article:published_time\" content=\"2025-06-19T09:39:23+00:00\" \/>\n<meta property=\"article:modified_time\" content=\"2025-06-19T09:40:05+00:00\" \/>\n<meta property=\"og:image\" content=\"https:\/\/manlio.fr\/wp-content\/uploads\/2025\/05\/Famille-Hauller.jpeg\" \/>\n\t<meta property=\"og:image:width\" content=\"1280\" \/>\n\t<meta property=\"og:image:height\" content=\"720\" \/>\n\t<meta property=\"og:image:type\" content=\"image\/jpeg\" \/>\n<meta name=\"author\" content=\"Manlio_Admin\" \/>\n<meta name=\"twitter:card\" content=\"summary_large_image\" \/>\n<meta name=\"twitter:label1\" content=\"Written by\" \/>\n\t<meta name=\"twitter:data1\" content=\"Manlio_Admin\" \/>\n\t<meta name=\"twitter:label2\" content=\"Est. reading time\" \/>\n\t<meta name=\"twitter:data2\" content=\"3 minutes\" \/>\n<script type=\"application\/ld+json\" class=\"yoast-schema-graph\">{\"@context\":\"https:\\\/\\\/schema.org\",\"@graph\":[{\"@type\":\"Article\",\"@id\":\"https:\\\/\\\/manlio.fr\\\/famille-hauller-la-cave-du-tonnelier#article\",\"isPartOf\":{\"@id\":\"https:\\\/\\\/manlio.fr\\\/famille-hauller-la-cave-du-tonnelier\"},\"author\":{\"name\":\"Manlio_Admin\",\"@id\":\"https:\\\/\\\/manlio.fr\\\/#\\\/schema\\\/person\\\/f3d595715812c05c0f7e99614725a2da\"},\"headline\":\"Famille Hauller &#8211; La Cave du Tonnelier\",\"datePublished\":\"2025-06-19T09:39:23+00:00\",\"dateModified\":\"2025-06-19T09:40:05+00:00\",\"mainEntityOfPage\":{\"@id\":\"https:\\\/\\\/manlio.fr\\\/famille-hauller-la-cave-du-tonnelier\"},\"wordCount\":335,\"publisher\":{\"@id\":\"https:\\\/\\\/manlio.fr\\\/#organization\"},\"image\":{\"@id\":\"https:\\\/\\\/manlio.fr\\\/famille-hauller-la-cave-du-tonnelier#primaryimage\"},\"thumbnailUrl\":\"https:\\\/\\\/manlio.fr\\\/wp-content\\\/uploads\\\/2025\\\/05\\\/Famille-Hauller.jpeg\",\"articleSection\":[\"Projets\"],\"inLanguage\":\"en-US\"},{\"@type\":\"WebPage\",\"@id\":\"https:\\\/\\\/manlio.fr\\\/famille-hauller-la-cave-du-tonnelier\",\"url\":\"https:\\\/\\\/manlio.fr\\\/famille-hauller-la-cave-du-tonnelier\",\"name\":\"Famille Hauller - La Cave du Tonnelier - Manlio\",\"isPartOf\":{\"@id\":\"https:\\\/\\\/manlio.fr\\\/#website\"},\"primaryImageOfPage\":{\"@id\":\"https:\\\/\\\/manlio.fr\\\/famille-hauller-la-cave-du-tonnelier#primaryimage\"},\"image\":{\"@id\":\"https:\\\/\\\/manlio.fr\\\/famille-hauller-la-cave-du-tonnelier#primaryimage\"},\"thumbnailUrl\":\"https:\\\/\\\/manlio.fr\\\/wp-content\\\/uploads\\\/2025\\\/05\\\/Famille-Hauller.jpeg\",\"datePublished\":\"2025-06-19T09:39:23+00:00\",\"dateModified\":\"2025-06-19T09:40:05+00:00\",\"breadcrumb\":{\"@id\":\"https:\\\/\\\/manlio.fr\\\/famille-hauller-la-cave-du-tonnelier#breadcrumb\"},\"inLanguage\":\"en-US\",\"potentialAction\":[{\"@type\":\"ReadAction\",\"target\":[\"https:\\\/\\\/manlio.fr\\\/famille-hauller-la-cave-du-tonnelier\"]}]},{\"@type\":\"ImageObject\",\"inLanguage\":\"en-US\",\"@id\":\"https:\\\/\\\/manlio.fr\\\/famille-hauller-la-cave-du-tonnelier#primaryimage\",\"url\":\"https:\\\/\\\/manlio.fr\\\/wp-content\\\/uploads\\\/2025\\\/05\\\/Famille-Hauller.jpeg\",\"contentUrl\":\"https:\\\/\\\/manlio.fr\\\/wp-content\\\/uploads\\\/2025\\\/05\\\/Famille-Hauller.jpeg\",\"width\":1280,\"height\":720},{\"@type\":\"BreadcrumbList\",\"@id\":\"https:\\\/\\\/manlio.fr\\\/famille-hauller-la-cave-du-tonnelier#breadcrumb\",\"itemListElement\":[{\"@type\":\"ListItem\",\"position\":1,\"name\":\"Accueil\",\"item\":\"https:\\\/\\\/manlio.fr\\\/\"},{\"@type\":\"ListItem\",\"position\":2,\"name\":\"Famille Hauller &#8211; La Cave du Tonnelier\"}]},{\"@type\":\"WebSite\",\"@id\":\"https:\\\/\\\/manlio.fr\\\/#website\",\"url\":\"https:\\\/\\\/manlio.fr\\\/\",\"name\":\"Manlio\",\"description\":\"Agence cr\u00e9ative\",\"publisher\":{\"@id\":\"https:\\\/\\\/manlio.fr\\\/#organization\"},\"potentialAction\":[{\"@type\":\"SearchAction\",\"target\":{\"@type\":\"EntryPoint\",\"urlTemplate\":\"https:\\\/\\\/manlio.fr\\\/?s={search_term_string}\"},\"query-input\":{\"@type\":\"PropertyValueSpecification\",\"valueRequired\":true,\"valueName\":\"search_term_string\"}}],\"inLanguage\":\"en-US\"},{\"@type\":\"Organization\",\"@id\":\"https:\\\/\\\/manlio.fr\\\/#organization\",\"name\":\"Agence Manlio\",\"alternateName\":\"Manlio\",\"url\":\"https:\\\/\\\/manlio.fr\\\/\",\"logo\":{\"@type\":\"ImageObject\",\"inLanguage\":\"en-US\",\"@id\":\"https:\\\/\\\/manlio.fr\\\/#\\\/schema\\\/logo\\\/image\\\/\",\"url\":\"https:\\\/\\\/manlio.fr\\\/wp-content\\\/uploads\\\/2025\\\/03\\\/logo.svg\",\"contentUrl\":\"https:\\\/\\\/manlio.fr\\\/wp-content\\\/uploads\\\/2025\\\/03\\\/logo.svg\",\"width\":192,\"height\":65,\"caption\":\"Agence Manlio\"},\"image\":{\"@id\":\"https:\\\/\\\/manlio.fr\\\/#\\\/schema\\\/logo\\\/image\\\/\"},\"sameAs\":[\"https:\\\/\\\/www.instagram.com\\\/manlio.fr\\\/\",\"https:\\\/\\\/www.linkedin.com\\\/company\\\/manlio\\\/\"]},{\"@type\":\"Person\",\"@id\":\"https:\\\/\\\/manlio.fr\\\/#\\\/schema\\\/person\\\/f3d595715812c05c0f7e99614725a2da\",\"name\":\"Manlio_Admin\",\"image\":{\"@type\":\"ImageObject\",\"inLanguage\":\"en-US\",\"@id\":\"https:\\\/\\\/secure.gravatar.com\\\/avatar\\\/5e7cedc0c6c99d82eb02cd03c4f8921f4973bc1dad857dd7ffbfdb1a282253b3?s=96&d=mm&r=g\",\"url\":\"https:\\\/\\\/secure.gravatar.com\\\/avatar\\\/5e7cedc0c6c99d82eb02cd03c4f8921f4973bc1dad857dd7ffbfdb1a282253b3?s=96&d=mm&r=g\",\"contentUrl\":\"https:\\\/\\\/secure.gravatar.com\\\/avatar\\\/5e7cedc0c6c99d82eb02cd03c4f8921f4973bc1dad857dd7ffbfdb1a282253b3?s=96&d=mm&r=g\",\"caption\":\"Manlio_Admin\"},\"sameAs\":[\"http:\\\/\\\/manlio.fr\"],\"url\":\"https:\\\/\\\/manlio.fr\\\/en\\\/author\\\/manlio_admin\"}]}<\/script>\n<!-- \/ Yoast SEO plugin. -->","yoast_head_json":{"title":"Famille Hauller - La Cave du Tonnelier - Manlio","robots":{"index":"index","follow":"follow","max-snippet":"max-snippet:-1","max-image-preview":"max-image-preview:large","max-video-preview":"max-video-preview:-1"},"canonical":"https:\/\/manlio.fr\/en\/famille-hauller-la-cave-du-tonnelier\/","og_locale":"en_US","og_type":"article","og_title":"Famille Hauller - La Cave du Tonnelier - Manlio","og_description":"Un moment charni\u00e8re Apr\u00e8s pr\u00e8s de deux ans d\u2019activit\u00e9, M\u00e9lany \u2014 fondatrice de Kl\u00e9o Ph\u00e9 \u2014 avait franchi un cap. Son entreprise grandissait, son approche s\u2019affinait, son positionnement s\u2019\u00e9levait. Elle ne voulait plus simplement \u201cexister en ligne\u201d : elle voulait affirmer une vision, une identit\u00e9, une direction. Son site pr\u00e9c\u00e9dent, standardis\u00e9 et limit\u00e9, ne permettait [&hellip;]","og_url":"https:\/\/manlio.fr\/en\/famille-hauller-la-cave-du-tonnelier\/","og_site_name":"Manlio","article_published_time":"2025-06-19T09:39:23+00:00","article_modified_time":"2025-06-19T09:40:05+00:00","og_image":[{"width":1280,"height":720,"url":"https:\/\/manlio.fr\/wp-content\/uploads\/2025\/05\/Famille-Hauller.jpeg","type":"image\/jpeg"}],"author":"Manlio_Admin","twitter_card":"summary_large_image","twitter_misc":{"Written by":"Manlio_Admin","Est. reading time":"3 minutes"},"schema":{"@context":"https:\/\/schema.org","@graph":[{"@type":"Article","@id":"https:\/\/manlio.fr\/famille-hauller-la-cave-du-tonnelier#article","isPartOf":{"@id":"https:\/\/manlio.fr\/famille-hauller-la-cave-du-tonnelier"},"author":{"name":"Manlio_Admin","@id":"https:\/\/manlio.fr\/#\/schema\/person\/f3d595715812c05c0f7e99614725a2da"},"headline":"Famille Hauller &#8211; La Cave du Tonnelier","datePublished":"2025-06-19T09:39:23+00:00","dateModified":"2025-06-19T09:40:05+00:00","mainEntityOfPage":{"@id":"https:\/\/manlio.fr\/famille-hauller-la-cave-du-tonnelier"},"wordCount":335,"publisher":{"@id":"https:\/\/manlio.fr\/#organization"},"image":{"@id":"https:\/\/manlio.fr\/famille-hauller-la-cave-du-tonnelier#primaryimage"},"thumbnailUrl":"https:\/\/manlio.fr\/wp-content\/uploads\/2025\/05\/Famille-Hauller.jpeg","articleSection":["Projets"],"inLanguage":"en-US"},{"@type":"WebPage","@id":"https:\/\/manlio.fr\/famille-hauller-la-cave-du-tonnelier","url":"https:\/\/manlio.fr\/famille-hauller-la-cave-du-tonnelier","name":"Famille Hauller - La Cave du Tonnelier - Manlio","isPartOf":{"@id":"https:\/\/manlio.fr\/#website"},"primaryImageOfPage":{"@id":"https:\/\/manlio.fr\/famille-hauller-la-cave-du-tonnelier#primaryimage"},"image":{"@id":"https:\/\/manlio.fr\/famille-hauller-la-cave-du-tonnelier#primaryimage"},"thumbnailUrl":"https:\/\/manlio.fr\/wp-content\/uploads\/2025\/05\/Famille-Hauller.jpeg","datePublished":"2025-06-19T09:39:23+00:00","dateModified":"2025-06-19T09:40:05+00:00","breadcrumb":{"@id":"https:\/\/manlio.fr\/famille-hauller-la-cave-du-tonnelier#breadcrumb"},"inLanguage":"en-US","potentialAction":[{"@type":"ReadAction","target":["https:\/\/manlio.fr\/famille-hauller-la-cave-du-tonnelier"]}]},{"@type":"ImageObject","inLanguage":"en-US","@id":"https:\/\/manlio.fr\/famille-hauller-la-cave-du-tonnelier#primaryimage","url":"https:\/\/manlio.fr\/wp-content\/uploads\/2025\/05\/Famille-Hauller.jpeg","contentUrl":"https:\/\/manlio.fr\/wp-content\/uploads\/2025\/05\/Famille-Hauller.jpeg","width":1280,"height":720},{"@type":"BreadcrumbList","@id":"https:\/\/manlio.fr\/famille-hauller-la-cave-du-tonnelier#breadcrumb","itemListElement":[{"@type":"ListItem","position":1,"name":"Accueil","item":"https:\/\/manlio.fr\/"},{"@type":"ListItem","position":2,"name":"Famille Hauller &#8211; La Cave du Tonnelier"}]},{"@type":"WebSite","@id":"https:\/\/manlio.fr\/#website","url":"https:\/\/manlio.fr\/","name":"Manlio","description":"Agence cr\u00e9ative","publisher":{"@id":"https:\/\/manlio.fr\/#organization"},"potentialAction":[{"@type":"SearchAction","target":{"@type":"EntryPoint","urlTemplate":"https:\/\/manlio.fr\/?s={search_term_string}"},"query-input":{"@type":"PropertyValueSpecification","valueRequired":true,"valueName":"search_term_string"}}],"inLanguage":"en-US"},{"@type":"Organization","@id":"https:\/\/manlio.fr\/#organization","name":"Agence Manlio","alternateName":"Manlio","url":"https:\/\/manlio.fr\/","logo":{"@type":"ImageObject","inLanguage":"en-US","@id":"https:\/\/manlio.fr\/#\/schema\/logo\/image\/","url":"https:\/\/manlio.fr\/wp-content\/uploads\/2025\/03\/logo.svg","contentUrl":"https:\/\/manlio.fr\/wp-content\/uploads\/2025\/03\/logo.svg","width":192,"height":65,"caption":"Agence Manlio"},"image":{"@id":"https:\/\/manlio.fr\/#\/schema\/logo\/image\/"},"sameAs":["https:\/\/www.instagram.com\/manlio.fr\/","https:\/\/www.linkedin.com\/company\/manlio\/"]},{"@type":"Person","@id":"https:\/\/manlio.fr\/#\/schema\/person\/f3d595715812c05c0f7e99614725a2da","name":"Manlio_Admin","image":{"@type":"ImageObject","inLanguage":"en-US","@id":"https:\/\/secure.gravatar.com\/avatar\/5e7cedc0c6c99d82eb02cd03c4f8921f4973bc1dad857dd7ffbfdb1a282253b3?s=96&d=mm&r=g","url":"https:\/\/secure.gravatar.com\/avatar\/5e7cedc0c6c99d82eb02cd03c4f8921f4973bc1dad857dd7ffbfdb1a282253b3?s=96&d=mm&r=g","contentUrl":"https:\/\/secure.gravatar.com\/avatar\/5e7cedc0c6c99d82eb02cd03c4f8921f4973bc1dad857dd7ffbfdb1a282253b3?s=96&d=mm&r=g","caption":"Manlio_Admin"},"sameAs":["http:\/\/manlio.fr"],"url":"https:\/\/manlio.fr\/en\/author\/manlio_admin"}]}},"_links":{"self":[{"href":"https:\/\/manlio.fr\/en\/wp-json\/wp\/v2\/posts\/1208","targetHints":{"allow":["GET"]}}],"collection":[{"href":"https:\/\/manlio.fr\/en\/wp-json\/wp\/v2\/posts"}],"about":[{"href":"https:\/\/manlio.fr\/en\/wp-json\/wp\/v2\/types\/post"}],"author":[{"embeddable":true,"href":"https:\/\/manlio.fr\/en\/wp-json\/wp\/v2\/users\/1"}],"replies":[{"embeddable":true,"href":"https:\/\/manlio.fr\/en\/wp-json\/wp\/v2\/comments?post=1208"}],"version-history":[{"count":7,"href":"https:\/\/manlio.fr\/en\/wp-json\/wp\/v2\/posts\/1208\/revisions"}],"predecessor-version":[{"id":1215,"href":"https:\/\/manlio.fr\/en\/wp-json\/wp\/v2\/posts\/1208\/revisions\/1215"}],"wp:featuredmedia":[{"embeddable":true,"href":"https:\/\/manlio.fr\/en\/wp-json\/wp\/v2\/media\/853"}],"wp:attachment":[{"href":"https:\/\/manlio.fr\/en\/wp-json\/wp\/v2\/media?parent=1208"}],"wp:term":[{"taxonomy":"category","embeddable":true,"href":"https:\/\/manlio.fr\/en\/wp-json\/wp\/v2\/categories?post=1208"},{"taxonomy":"post_tag","embeddable":true,"href":"https:\/\/manlio.fr\/en\/wp-json\/wp\/v2\/tags?post=1208"}],"curies":[{"name":"wp","href":"https:\/\/api.w.org\/{rel}","templated":true}]}}